{"id":100,"date":"2022-04-04T12:30:00","date_gmt":"2022-04-04T10:30:00","guid":{"rendered":"https:\/\/przyjaznydomek.com.pl\/przedszkole2\/?p=100"},"modified":"2022-04-21T12:43:31","modified_gmt":"2022-04-21T10:43:31","slug":"rekrutacja-uzupelniajaca","status":"publish","type":"post","link":"https:\/\/przyjaznydomek.com.pl\/przedszkole2\/2022\/04\/04\/rekrutacja-uzupelniajaca\/","title":{"rendered":"Rekrutacja uzupe\u0142niaj\u0105ca"},"content":{"rendered":"\n<figure class=\"wp-block-image size-full\"><img loading=\"lazy\" decoding=\"async\" width=\"1024\" height=\"88\" src=\"https:\/\/przyjaznydomek.com.pl\/przedszkole2\/wp-content\/uploads\/sites\/3\/2022\/04\/pasek-5.jpg\" alt=\"\" class=\"wp-image-101\" srcset=\"https:\/\/przyjaznydomek.com.pl\/przedszkole2\/wp-content\/uploads\/sites\/3\/2022\/04\/pasek-5.jpg 1024w, https:\/\/przyjaznydomek.com.pl\/przedszkole2\/wp-content\/uploads\/sites\/3\/2022\/04\/pasek-5-300x26.jpg 300w, https:\/\/przyjaznydomek.com.pl\/przedszkole2\/wp-content\/uploads\/sites\/3\/2022\/04\/pasek-5-768x66.jpg 768w\" sizes=\"auto, (max-width: 1024px) 100vw, 1024px\" \/><\/figure>\n\n\n\n<p><\/p>\n\n\n\n<p><strong>REKRUTACJA NADAL TRWA!!!<\/strong> Od 5 kwietnia 2022r. rozpoczyna si\u0119 rekrutacja uzupe\u0142niaj\u0105ca uczestnik\u00f3w do udzia\u0142u w projekcie \u201ePrzyjazny Domek 2 \u2013 wzrost szans dla 12 dzieci z niepe\u0142nosprawno\u015bciami\u201d nr WND-RPPD.03.01.01-20-0473\/20 w ramach Osi priorytetowej III Kompetencje i kwalifikacje, Dzia\u0142anie 3.1 Kszta\u0142cenie i edukacja, Poddzia\u0142anie 3.1.1 Zapewnienie r\u00f3wnego dost\u0119pu do wysokiej jako\u015bci edukacji przedszkolnej, Regionalnego Programu Operacyjnego Wojew\u00f3dztwa Podlaskiego na lata 2014-2020, wsp\u00f3\u0142finansowanego przez Uni\u0119 Europejsk\u0105 w ramach Europejskiego Funduszu Spo\u0142ecznego.<br><\/p>\n\n\n\n<p><strong>CELEM PROJEKTU<\/strong> jest wzrost dost\u0119pno\u015bci i jako\u015bci edukacji przedszkolnej na terenie miasta Bia\u0142egostoku poprzez utworzenie i funkcjonowanie 12 nowych miejsc dla dzieci z niepe\u0142nosprawno\u015bciami w Niepublicznym Przedszkolu Terapeutycznym \u201ePrzyjazny Domek 2\u201d, wyr\u00f3wnanie szans edukacyjnych w zakresie stwierdzonych deficyt\u00f3w u 12 dzieci, a tak\u017ce wzrost kompetencji i umiej\u0119tno\u015bci z zakresu pedagogiki specjalnej u 9 nauczycieli Przedszkola.<\/p>\n\n\n\n<p class=\"has-text-align-center\">W ramach projektu zapewnionych zostanie 12 miejsc przedszkolnych dla dzieci z niepe\u0142nosprawno\u015bciami w okresie<br><strong>od maja 2022r. do kwietnia 2023r.<\/strong><\/p>\n\n\n\n<p class=\"has-text-align-center\">Uczestnikami projektu mog\u0105 by\u0107 dzieci mieszkaj\u0105ce w rozumieniu Kodeksu Cywilnego na obszarze Gminy Bia\u0142ystok (dok\u0142adnie na terenie miasta Bia\u0142ystok)<br><\/p>\n\n\n\n<p class=\"has-text-align-center\"><strong>Rekrutacja uzupe\u0142niaj\u0105ca do projektu rozpocznie si\u0119 5 kwietnia 2022r.<br>i b\u0119dzie trwa\u0142a do 27 kwietnia 2022r.<\/strong><br><\/p>\n\n\n\n<p class=\"has-text-align-center\">Dokumenty rekrutacyjne dost\u0119pne s\u0105 na stronie internetowej:<br>https:\/\/przyjaznydomek.com.pl\/przedszkole2\/category\/aktualnosci\/<br>oraz w Biurze Projektu ul. Przyjazna 39, 15-666 Bia\u0142ystok<br><\/p>\n\n\n\n<p class=\"has-text-align-center\">Wszystkich zainteresowanych udzia\u0142em zapraszamy do z\u0142o\u017cenia formularza zg\u0142oszeniowego<br>wraz za\u0142\u0105cznikami.<br><\/p>\n\n\n\n<p class=\"has-text-align-center\">Zapraszamy do udzia\u0142u w projekcie !<\/p>\n\n\n\n<p><\/p>\n\n\n\n<p>Za\u0142\u0105czniki do pobrania:<\/p>\n\n\n\n<div class=\"wp-block-file\"><a id=\"wp-block-file--media-9258ef73-7cd0-45e6-bb2f-fc5cf4986512\" href=\"https:\/\/przyjaznydomek.com.pl\/przedszkole2\/wp-content\/uploads\/sites\/3\/2022\/04\/Zalacznik-nr-1a-FORMULARZ-ZGLOSZENIOWY.doc\">Za\u0142\u0105cznik nr 1a-Formularz zg\u0142oszeniowy<\/a><a href=\"https:\/\/przyjaznydomek.com.pl\/przedszkole2\/wp-content\/uploads\/sites\/3\/2022\/04\/Zalacznik-nr-1a-FORMULARZ-ZGLOSZENIOWY.doc\" class=\"wp-block-file__button\" download aria-describedby=\"wp-block-file--media-9258ef73-7cd0-45e6-bb2f-fc5cf4986512\">Pobierz<\/a><\/div>\n\n\n\n<div class=\"wp-block-file\"><a id=\"wp-block-file--media-11c075b3-8d2d-42e1-93d5-bdcb484d0cb8\" href=\"https:\/\/przyjaznydomek.com.pl\/przedszkole2\/wp-content\/uploads\/sites\/3\/2022\/04\/Zalacznik-nr-1b-DEKLARACJA-UCZESTNICTWA-1.doc\">Za\u0142\u0105cznik nr 1b-Deklaracja uczestnictwa <\/a><a href=\"https:\/\/przyjaznydomek.com.pl\/przedszkole2\/wp-content\/uploads\/sites\/3\/2022\/04\/Zalacznik-nr-1b-DEKLARACJA-UCZESTNICTWA-1.doc\" class=\"wp-block-file__button\" download aria-describedby=\"wp-block-file--media-11c075b3-8d2d-42e1-93d5-bdcb484d0cb8\">Pobierz<\/a><\/div>\n\n\n\n<div class=\"wp-block-file\"><a id=\"wp-block-file--media-e1fab911-2c0c-4a3f-9d84-f8b09728bba0\" href=\"https:\/\/przyjaznydomek.com.pl\/przedszkole2\/wp-content\/uploads\/sites\/3\/2022\/04\/Zalacznik-nr-1c-OSWIADCZENIE-UCZESTNIKA-OSOBY-BIORACEJ-UDZIAL-W-REALIZACJI-PROJEKTU-O-ZGODZIE-NA-PRZETWARZANIE-DANYCH-OSOBOWYCH.doc\">Za\u0142\u0105cznik nr 1c-O\u015bwiadczenie uczestnika osoby bior\u0105cej udzia\u0142 w realizacji projektu o zgodzie na przetwarzanie danych osobowych<\/a><a href=\"https:\/\/przyjaznydomek.com.pl\/przedszkole2\/wp-content\/uploads\/sites\/3\/2022\/04\/Zalacznik-nr-1c-OSWIADCZENIE-UCZESTNIKA-OSOBY-BIORACEJ-UDZIAL-W-REALIZACJI-PROJEKTU-O-ZGODZIE-NA-PRZETWARZANIE-DANYCH-OSOBOWYCH.doc\" class=\"wp-block-file__button\" download aria-describedby=\"wp-block-file--media-e1fab911-2c0c-4a3f-9d84-f8b09728bba0\">Pobierz<\/a><\/div>\n\n\n\n<div class=\"wp-block-file\"><a id=\"wp-block-file--media-922bda28-7537-42c2-85b5-4342e4d1d978\" href=\"https:\/\/przyjaznydomek.com.pl\/przedszkole2\/wp-content\/uploads\/sites\/3\/2022\/04\/Zalacznik-nr-1d-OSWIADCZENIE-O-PRZYNALEZNOSCI-DO-GRUPY-DOCELOWEJ.doc\">Za\u0142\u0105cznik nr 1d-O\u015bwiadczenie o przynale\u017cno\u015bci do grupy docelowej<\/a><a href=\"https:\/\/przyjaznydomek.com.pl\/przedszkole2\/wp-content\/uploads\/sites\/3\/2022\/04\/Zalacznik-nr-1d-OSWIADCZENIE-O-PRZYNALEZNOSCI-DO-GRUPY-DOCELOWEJ.doc\" class=\"wp-block-file__button\" download aria-describedby=\"wp-block-file--media-922bda28-7537-42c2-85b5-4342e4d1d978\">Pobierz<\/a><\/div>\n\n\n\n<div class=\"wp-block-file\"><a id=\"wp-block-file--media-0bc94508-9c2d-4b82-b133-722ae3a235a9\" href=\"https:\/\/przyjaznydomek.com.pl\/przedszkole2\/wp-content\/uploads\/sites\/3\/2022\/04\/Zalacznik-nr-1e-OSWIADCZENIE-O-ZAMIESZKANIE-PODLASKIE-BIALYSTOK.doc\">Za\u0142\u0105cznik nr 1e-O\u015bwiadczenie o zamieszkaniu w Bia\u0142ymstoku<\/a><a href=\"https:\/\/przyjaznydomek.com.pl\/przedszkole2\/wp-content\/uploads\/sites\/3\/2022\/04\/Zalacznik-nr-1e-OSWIADCZENIE-O-ZAMIESZKANIE-PODLASKIE-BIALYSTOK.doc\" class=\"wp-block-file__button\" download aria-describedby=\"wp-block-file--media-0bc94508-9c2d-4b82-b133-722ae3a235a9\">Pobierz<\/a><\/div>\n\n\n\n<div class=\"wp-block-file\"><a id=\"wp-block-file--media-57b6226a-c7cc-4bd2-aa4c-2560a48836ab\" href=\"https:\/\/przyjaznydomek.com.pl\/przedszkole2\/wp-content\/uploads\/sites\/3\/2022\/04\/Zalacznik-nr-1f-Oswiadczenie-o-niepelnosprawnosci-dziecka.doc\">Za\u0142\u0105cznik nr 1f-O\u015bwiadczenie o niepe\u0142nosprawno\u015bci dziecka<\/a><a href=\"https:\/\/przyjaznydomek.com.pl\/przedszkole2\/wp-content\/uploads\/sites\/3\/2022\/04\/Zalacznik-nr-1f-Oswiadczenie-o-niepelnosprawnosci-dziecka.doc\" class=\"wp-block-file__button\" download aria-describedby=\"wp-block-file--media-57b6226a-c7cc-4bd2-aa4c-2560a48836ab\">Pobierz<\/a><\/div>\n\n\n\n<div class=\"wp-block-file\"><a id=\"wp-block-file--media-d78367bf-74d6-4f74-a88b-e8cfad7fdd64\" href=\"https:\/\/przyjaznydomek.com.pl\/przedszkole2\/wp-content\/uploads\/sites\/3\/2022\/04\/Zalacznik-nr-1g-Oswiadczenie-o-niepelnosprawnosci-rodzica.doc\">Za\u0142\u0105cznik nr 1g-O\u015bwiadczenie o niepe\u0142nosprawno\u015bci rodzica<\/a><a href=\"https:\/\/przyjaznydomek.com.pl\/przedszkole2\/wp-content\/uploads\/sites\/3\/2022\/04\/Zalacznik-nr-1g-Oswiadczenie-o-niepelnosprawnosci-rodzica.doc\" class=\"wp-block-file__button\" download aria-describedby=\"wp-block-file--media-d78367bf-74d6-4f74-a88b-e8cfad7fdd64\">Pobierz<\/a><\/div>\n\n\n\n<div class=\"wp-block-file\"><a id=\"wp-block-file--media-1343d422-156e-406c-b935-8e73f4adb2f7\" href=\"https:\/\/przyjaznydomek.com.pl\/przedszkole2\/wp-content\/uploads\/sites\/3\/2022\/04\/Zalacznik-nr-1h-Oswiadczenie-rodzina-wielodzietna.doc\">Za\u0142\u0105cznik nr 1h-O\u015bwiadczenie rodzina wielodzietna<\/a><a href=\"https:\/\/przyjaznydomek.com.pl\/przedszkole2\/wp-content\/uploads\/sites\/3\/2022\/04\/Zalacznik-nr-1h-Oswiadczenie-rodzina-wielodzietna.doc\" class=\"wp-block-file__button\" download aria-describedby=\"wp-block-file--media-1343d422-156e-406c-b935-8e73f4adb2f7\">Pobierz<\/a><\/div>\n\n\n\n<div class=\"wp-block-file\"><a id=\"wp-block-file--media-4758e7d5-38ed-4645-a828-99424acb3f98\" href=\"https:\/\/przyjaznydomek.com.pl\/przedszkole2\/wp-content\/uploads\/sites\/3\/2022\/04\/Zalacznik-nr-1i-Oswiadczenie-o-samotnym-wychowaniu-dziecka.doc\">Za\u0142\u0105cznik nr 1i-O\u015bwiadczenie o samotnym wychowaniu dziecka<\/a><a href=\"https:\/\/przyjaznydomek.com.pl\/przedszkole2\/wp-content\/uploads\/sites\/3\/2022\/04\/Zalacznik-nr-1i-Oswiadczenie-o-samotnym-wychowaniu-dziecka.doc\" class=\"wp-block-file__button\" download aria-describedby=\"wp-block-file--media-4758e7d5-38ed-4645-a828-99424acb3f98\">Pobierz<\/a><\/div>\n\n\n\n<div class=\"wp-block-file\"><a id=\"wp-block-file--media-74e11a5a-7050-4b01-a3f2-25044b3d5c6a\" href=\"https:\/\/przyjaznydomek.com.pl\/przedszkole2\/wp-content\/uploads\/sites\/3\/2022\/04\/Zalacznik-nr-1j-Oswiadczenie-o-niekorzystnej-sytuacji-finansowej.doc\">Za\u0142\u0105cznik nr 1j-O\u015bwiadczenie o niekorzystnej sytuacji finansowej<\/a><a href=\"https:\/\/przyjaznydomek.com.pl\/przedszkole2\/wp-content\/uploads\/sites\/3\/2022\/04\/Zalacznik-nr-1j-Oswiadczenie-o-niekorzystnej-sytuacji-finansowej.doc\" class=\"wp-block-file__button\" download aria-describedby=\"wp-block-file--media-74e11a5a-7050-4b01-a3f2-25044b3d5c6a\">Pobierz<\/a><\/div>\n\n\n\n<div class=\"wp-block-file\"><a id=\"wp-block-file--media-e8d26957-4a3c-4920-8a57-c90414497a1e\" href=\"https:\/\/przyjaznydomek.com.pl\/przedszkole2\/wp-content\/uploads\/sites\/3\/2022\/04\/Zalacznik-nr-1k-Oswiadczenie-o-pracy-obojga-rodzicow.doc\">Za\u0142\u0105cznik nr 1k-O\u015bwiadczenie o pracy obojga rodzic\u00f3w<\/a><a href=\"https:\/\/przyjaznydomek.com.pl\/przedszkole2\/wp-content\/uploads\/sites\/3\/2022\/04\/Zalacznik-nr-1k-Oswiadczenie-o-pracy-obojga-rodzicow.doc\" class=\"wp-block-file__button\" download aria-describedby=\"wp-block-file--media-e8d26957-4a3c-4920-8a57-c90414497a1e\">Pobierz<\/a><\/div>\n\n\n\n<div class=\"wp-block-file\"><a id=\"wp-block-file--media-7fe385c9-e8a4-440d-a746-4238296ae89c\" href=\"https:\/\/przyjaznydomek.com.pl\/przedszkole2\/wp-content\/uploads\/sites\/3\/2022\/04\/Zalacznik-nr-1l-ZASWIADCZENIE-OD-PRACODAWCY.doc\">Za\u0142\u0105cznik nr 1l-Za\u015bwiadczenie od pracodawcy<\/a><a href=\"https:\/\/przyjaznydomek.com.pl\/przedszkole2\/wp-content\/uploads\/sites\/3\/2022\/04\/Zalacznik-nr-1l-ZASWIADCZENIE-OD-PRACODAWCY.doc\" class=\"wp-block-file__button\" download aria-describedby=\"wp-block-file--media-7fe385c9-e8a4-440d-a746-4238296ae89c\">Pobierz<\/a><\/div>\n\n\n\n<div class=\"wp-block-file\"><a id=\"wp-block-file--media-a7b2476f-355d-49da-a670-40f9d92e49e9\" href=\"https:\/\/przyjaznydomek.com.pl\/przedszkole2\/wp-content\/uploads\/sites\/3\/2022\/04\/Regulamin-rekrutacji-i-uczestnictwa-1.pdf\">Regulamin rekrutacji i uczestnictwa<\/a><a href=\"https:\/\/przyjaznydomek.com.pl\/przedszkole2\/wp-content\/uploads\/sites\/3\/2022\/04\/Regulamin-rekrutacji-i-uczestnictwa-1.pdf\" class=\"wp-block-file__button\" download aria-describedby=\"wp-block-file--media-a7b2476f-355d-49da-a670-40f9d92e49e9\">Pobierz<\/a><\/div>\n","protected":false},"excerpt":{"rendered":"<p>REKRUTACJA NADAL TRWA!!! Od 5 kwietnia 2022r. rozpoczyna si\u0119 rekrutacja uzupe\u0142niaj\u0105ca uczestnik\u00f3w do udzia\u0142u w projekcie \u201ePrzyjazny Domek 2 \u2013 wzrost szans dla 12 dzieci z niepe\u0142nosprawno\u015bciami\u201d nr WND-RPPD.03.01.01-20-0473\/20 w ramach Osi priorytetowej III Kompetencje i kwalifikacje, Dzia\u0142anie 3.1 Kszta\u0142cenie i edukacja, Poddzia\u0142anie 3.1.1 Zapewnienie r\u00f3wnego dost\u0119pu do wysokiej jako\u015bci edukacji przedszkolnej, Regionalnego Programu Operacyjnego [&hellip;]<\/p>\n","protected":false},"author":2,"featured_media":39,"comment_status":"closed","ping_status":"closed","sticky":false,"template":"","format":"standard","meta":{"footnotes":""},"categories":[1],"tags":[],"class_list":["post-100","post","type-post","status-publish","format-standard","has-post-thumbnail","hentry","category-aktualnosci"],"_links":{"self":[{"href":"https:\/\/przyjaznydomek.com.pl\/przedszkole2\/wp-json\/wp\/v2\/posts\/100","targetHints":{"allow":["GET"]}}],"collection":[{"href":"https:\/\/przyjaznydomek.com.pl\/przedszkole2\/wp-json\/wp\/v2\/posts"}],"about":[{"href":"https:\/\/przyjaznydomek.com.pl\/przedszkole2\/wp-json\/wp\/v2\/types\/post"}],"author":[{"embeddable":true,"href":"https:\/\/przyjaznydomek.com.pl\/przedszkole2\/wp-json\/wp\/v2\/users\/2"}],"replies":[{"embeddable":true,"href":"https:\/\/przyjaznydomek.com.pl\/przedszkole2\/wp-json\/wp\/v2\/comments?post=100"}],"version-history":[{"count":1,"href":"https:\/\/przyjaznydomek.com.pl\/przedszkole2\/wp-json\/wp\/v2\/posts\/100\/revisions"}],"predecessor-version":[{"id":103,"href":"https:\/\/przyjaznydomek.com.pl\/przedszkole2\/wp-json\/wp\/v2\/posts\/100\/revisions\/103"}],"wp:featuredmedia":[{"embeddable":true,"href":"https:\/\/przyjaznydomek.com.pl\/przedszkole2\/wp-json\/wp\/v2\/media\/39"}],"wp:attachment":[{"href":"https:\/\/przyjaznydomek.com.pl\/przedszkole2\/wp-json\/wp\/v2\/media?parent=100"}],"wp:term":[{"taxonomy":"category","embeddable":true,"href":"https:\/\/przyjaznydomek.com.pl\/przedszkole2\/wp-json\/wp\/v2\/categories?post=100"},{"taxonomy":"post_tag","embeddable":true,"href":"https:\/\/przyjaznydomek.com.pl\/przedszkole2\/wp-json\/wp\/v2\/tags?post=100"}],"curies":[{"name":"wp","href":"https:\/\/api.w.org\/{rel}","templated":true}]}}