{"id":109,"date":"2022-07-01T15:26:00","date_gmt":"2022-07-01T13:26:00","guid":{"rendered":"https:\/\/przyjaznydomek.com.pl\/przedszkole2\/?p=109"},"modified":"2022-07-19T15:28:29","modified_gmt":"2022-07-19T13:28:29","slug":"oferta-pracy","status":"publish","type":"post","link":"https:\/\/przyjaznydomek.com.pl\/przedszkole2\/2022\/07\/01\/oferta-pracy\/","title":{"rendered":"Oferta Pracy"},"content":{"rendered":"\n<figure class=\"wp-block-image size-full\"><img loading=\"lazy\" decoding=\"async\" width=\"1024\" height=\"88\" src=\"https:\/\/przyjaznydomek.com.pl\/przedszkole2\/wp-content\/uploads\/sites\/3\/2022\/07\/pasek-2.jpg\" alt=\"\" class=\"wp-image-114\" srcset=\"https:\/\/przyjaznydomek.com.pl\/przedszkole2\/wp-content\/uploads\/sites\/3\/2022\/07\/pasek-2.jpg 1024w, https:\/\/przyjaznydomek.com.pl\/przedszkole2\/wp-content\/uploads\/sites\/3\/2022\/07\/pasek-2-300x26.jpg 300w, https:\/\/przyjaznydomek.com.pl\/przedszkole2\/wp-content\/uploads\/sites\/3\/2022\/07\/pasek-2-768x66.jpg 768w\" sizes=\"auto, (max-width: 1024px) 100vw, 1024px\" \/><\/figure>\n\n\n\n<p><\/p>\n\n\n\n<p class=\"has-text-align-center\"><br>Niepubliczne Przedszkole Terapeutyczne \u201ePrzyjazny Domek 2\u201d<\/p>\n\n\n\n<p class=\"has-text-align-center\">Ul. Bacieczki 202A<\/p>\n\n\n\n<p class=\"has-text-align-center\">15-685 Bia\u0142ystok<\/p>\n\n\n\n<p class=\"has-text-align-center\">OFERTY PRACY<\/p>\n\n\n\n<p class=\"has-text-align-center\"><br>Niepubliczne Przedszkole Terapeutyczne \u201ePrzyjazny Domek 2\u201d,<br>w zwi\u0105zku z realizacj\u0105 projektu <strong><em>\u201ePrzyjazny Domek 2 \u2013 wzrost szans dla 12 dzieci<br>z niepe\u0142nosprawno\u015bciami\u201d<\/em><\/strong> nr WND-RPPD.03.01.01-20-0473\/20 poszukuje pracownik\u00f3w <\/p>\n\n\n\n<p class=\"has-text-align-center\">na nast\u0119puj\u0105ce stanowiska:<\/p>\n\n\n\n<p><br>1. <strong><em>Nauczyciel terapeuta<\/em><\/strong>: 2 osoby (umowa o prac\u0119 \u2013 pe\u0142ny etat) prowadzenie zaj\u0119\u0107 terapeutycznych\/opieka.<\/p>\n\n\n\n<p>(praca 8 godzin dziennie od poniedzia\u0142ku do pi\u0105tku)<\/p>\n\n\n\n<p>Wymagania: wykszta\u0142cenie wy\u017csze z zakresu pedagogiki specjalnej lub inne wraz z kursem kwalifikacyjnym lub studiami podyplomowymi z Edukacji i terapii os\u00f3b z zaburzeniami ze spektrum autyzmu.<\/p>\n\n\n\n<p>2. <strong><em>Nauczyciel wychowawca<\/em><\/strong>: 2 osoby (umowa o prac\u0119 \u2013 pe\u0142ny etat) prowadzenie zaj\u0119\u0107\/opieka, realizacja podstawy programowej.<\/p>\n\n\n\n<p>(praca 8 godzin dziennie od poniedzia\u0142ku do pi\u0105tku)<\/p>\n\n\n\n<p>Wymagania: wykszta\u0142cenie wy\u017csze z zakresu pedagogiki przedszkolnej i wczesnoszkolnej.<\/p>\n\n\n\n<p>3. <strong><em>Terapeuta integracji sensorycznej<\/em><\/strong>: 1 osoba (umowa o prac\u0119 \u2013 pe\u0142ny etat) prowadzenie zaj\u0119\u0107 terapeutycznych z integracji sensorycznej oraz dodatkowych zaj\u0119\u0107 w ramach projektu.<\/p>\n\n\n\n<p>(praca 8 godzin dziennie od poniedzia\u0142ku do pi\u0105tku)<\/p>\n\n\n\n<p>Wymagania: wykszta\u0142cenie wy\u017csze z zakresu fizjoterapii, psychologii lub pedagogiki wraz z uko\u0144czonym kursem lub studiami podyplomowymi z integracji sensorycznej.<\/p>\n\n\n\n<p><strong>Oferujemy:<\/strong><\/p>\n\n\n\n<ul class=\"wp-block-list\"><li>stabilne zatrudnienie,<\/li><li>prac\u0119 w nowoczesnej, doskonale wyposa\u017conej plac\u00f3wce,<\/li><li>pakiet szkole\u0144 wdra\u017caj\u0105cych i podnosz\u0105cych kompetencje, m.in.:<\/li><\/ul>\n\n\n\n<p>&#8211; Terapia behawioralna w teorii i praktyce;<\/p>\n\n\n\n<p>&#8211; szkolenie w zakresie komunikacji alternatywnej dzieci ze spektrum autyzmu lub innymi zaburzeniami rozwoju;<\/p>\n\n\n\n<p>&#8211; cykl kr\u00f3tkich kurs\u00f3w doskonal\u0105cych z zakresu pedagogiki specjalnej, m.in.: Zarz\u0105dzanie zachowaniem, Dziecko w grupie r\u00f3wie\u015bniczej, Jak skutecznie budowa\u0107 relacje z dzieckiem ze spektrum autyzmu;<\/p>\n\n\n\n<p>&#8211; spotkania szkoleniowe dla nauczycieli z zakresu superwizji;<\/p>\n\n\n\n<ul class=\"wp-block-list\"><li>mo\u017cliwo\u015b\u0107 prowadzenia autorskich zaj\u0119\u0107 rozwojowych z dzie\u0107mi.<\/li><\/ul>\n\n\n\n<p>Praca zmianowa w godzinach funkcjonowania plac\u00f3wki <strong>7:30 &#8211; 16:00<\/strong><\/p>\n\n\n\n<p><strong>Praca od 1 wrze\u015bnia 2022r.<\/strong><\/p>\n\n\n\n<p><strong>Wymagane dokumenty<\/strong>:&nbsp;<\/p>\n\n\n\n<p>\u017byciorys (CV)<\/p>\n\n\n\n<p>O\u015bwiadczenie o wyra\u017ceniu zgody na przetwarzanie podanych przez kandydata danych osobowych zawartych w aplikacji dla potrzeb niezb\u0119dnych do realizacji procesu rekrutacji zgodnie z Rozporz\u0105dzeniem Parlamentu Europejskiego i Rady (UE) 2016\/679 z dnia 27 kwietnia 2016 r. w sprawie ochrony os\u00f3b fizycznych w zwi\u0105zku z przetwarzaniem danych osobowych i w sprawie swobodnego przep\u0142ywu takich danych oraz uchylenia dyrektywy 95\/46\/WE (RODO) oraz o zapoznaniu si\u0119 z informacjami administratora o przetwarzaniu danych oraz z prawami jakie przys\u0142uguj\u0105 na mocy powy\u017cszego Rozporz\u0105dzenia.<\/p>\n\n\n\n<p>Dokumenty potwierdzaj\u0105ce posiadane kwalifikacje i umiej\u0119tno\u015bci <strong>(dokumenty wymagane po zaproszeniu na rozmow\u0119 kwalifikacyjn\u0105).<\/strong><\/p>\n\n\n\n<p><strong>Dodatkowe informacje:<\/strong> Wymagane dokumenty aplikacyjne nale\u017cy wysy\u0142a\u0107 na adres mailowy <a href=\"mailto:sekretariat@przyjaznydomek.com.pl\">sekretariat@przyjaznydomek.com.pl<\/a>, sk\u0142ada\u0107 <strong>osobi\u015bcie lub za po\u015brednictwem przesy\u0142ki pocztowej\/kurierskiej w terminie do&nbsp;26.07.2022 roku na adres:<\/strong> BOKAFI Sp. z o.o., ul. Przyjazna 39, 15-666 Bia\u0142ystok (obowi\u0105zuje data wp\u0142ywu do Organizatora Projektu). Z\u0142o\u017cone dokumenty nie podlegaj\u0105 zwrotowi. Kandydaci zakwalifikowani do dalszego etapu naboru zostan\u0105 powiadomieni telefonicznie o terminie rozmowy kwalifikacyjnej. Zastrzegamy mo\u017cliwo\u015b\u0107 kontaktu z wybranymi osobami.<\/p>\n\n\n\n<p><br>Joanna Borowik<\/p>\n","protected":false},"excerpt":{"rendered":"<p>Niepubliczne Przedszkole Terapeutyczne \u201ePrzyjazny Domek 2\u201d Ul. Bacieczki 202A 15-685 Bia\u0142ystok OFERTY PRACY Niepubliczne Przedszkole Terapeutyczne \u201ePrzyjazny Domek 2\u201d,w zwi\u0105zku z realizacj\u0105 projektu \u201ePrzyjazny Domek 2 \u2013 wzrost szans dla 12 dzieciz niepe\u0142nosprawno\u015bciami\u201d nr WND-RPPD.03.01.01-20-0473\/20 poszukuje pracownik\u00f3w na nast\u0119puj\u0105ce stanowiska: 1. Nauczyciel terapeuta: 2 osoby (umowa o prac\u0119 \u2013 pe\u0142ny etat) prowadzenie zaj\u0119\u0107 terapeutycznych\/opieka. (praca [&hellip;]<\/p>\n","protected":false},"author":2,"featured_media":76,"comment_status":"closed","ping_status":"closed","sticky":false,"template":"","format":"standard","meta":{"footnotes":""},"categories":[1],"tags":[],"class_list":["post-109","post","type-post","status-publish","format-standard","has-post-thumbnail","hentry","category-aktualnosci"],"_links":{"self":[{"href":"https:\/\/przyjaznydomek.com.pl\/przedszkole2\/wp-json\/wp\/v2\/posts\/109","targetHints":{"allow":["GET"]}}],"collection":[{"href":"https:\/\/przyjaznydomek.com.pl\/przedszkole2\/wp-json\/wp\/v2\/posts"}],"about":[{"href":"https:\/\/przyjaznydomek.com.pl\/przedszkole2\/wp-json\/wp\/v2\/types\/post"}],"author":[{"embeddable":true,"href":"https:\/\/przyjaznydomek.com.pl\/przedszkole2\/wp-json\/wp\/v2\/users\/2"}],"replies":[{"embeddable":true,"href":"https:\/\/przyjaznydomek.com.pl\/przedszkole2\/wp-json\/wp\/v2\/comments?post=109"}],"version-history":[{"count":1,"href":"https:\/\/przyjaznydomek.com.pl\/przedszkole2\/wp-json\/wp\/v2\/posts\/109\/revisions"}],"predecessor-version":[{"id":115,"href":"https:\/\/przyjaznydomek.com.pl\/przedszkole2\/wp-json\/wp\/v2\/posts\/109\/revisions\/115"}],"wp:featuredmedia":[{"embeddable":true,"href":"https:\/\/przyjaznydomek.com.pl\/przedszkole2\/wp-json\/wp\/v2\/media\/76"}],"wp:attachment":[{"href":"https:\/\/przyjaznydomek.com.pl\/przedszkole2\/wp-json\/wp\/v2\/media?parent=109"}],"wp:term":[{"taxonomy":"category","embeddable":true,"href":"https:\/\/przyjaznydomek.com.pl\/przedszkole2\/wp-json\/wp\/v2\/categories?post=109"},{"taxonomy":"post_tag","embeddable":true,"href":"https:\/\/przyjaznydomek.com.pl\/przedszkole2\/wp-json\/wp\/v2\/tags?post=109"}],"curies":[{"name":"wp","href":"https:\/\/api.w.org\/{rel}","templated":true}]}}