{"id":749,"date":"2022-08-17T11:13:41","date_gmt":"2022-08-17T09:13:41","guid":{"rendered":"https:\/\/przyjaznydomek.com.pl\/przedszkole2\/?p=749"},"modified":"2023-03-16T11:15:07","modified_gmt":"2023-03-16T10:15:07","slug":"oferta-pracy-4","status":"publish","type":"post","link":"https:\/\/przyjaznydomek.com.pl\/przedszkole2\/2022\/08\/17\/oferta-pracy-4\/","title":{"rendered":"Oferta Pracy!"},"content":{"rendered":"<div class=\"wp-block-image\">\n<figure class=\"aligncenter size-full\"><img loading=\"lazy\" decoding=\"async\" width=\"1024\" height=\"88\" src=\"https:\/\/przyjaznydomek.com.pl\/przedszkole2\/wp-content\/uploads\/sites\/3\/2022\/07\/pasek-2.jpg\" alt=\"\" class=\"wp-image-114\" srcset=\"https:\/\/przyjaznydomek.com.pl\/przedszkole2\/wp-content\/uploads\/sites\/3\/2022\/07\/pasek-2.jpg 1024w, https:\/\/przyjaznydomek.com.pl\/przedszkole2\/wp-content\/uploads\/sites\/3\/2022\/07\/pasek-2-300x26.jpg 300w, https:\/\/przyjaznydomek.com.pl\/przedszkole2\/wp-content\/uploads\/sites\/3\/2022\/07\/pasek-2-768x66.jpg 768w\" sizes=\"auto, (max-width: 1024px) 100vw, 1024px\" \/><figcaption class=\"wp-element-caption\">Niepubliczne Przedszkole Terapeutyczne \u201ePrzyjazny Domek 2\u201d<br>Ul. Bacieczki 202A<br>15-685 Bia\u0142ystok<br>\u00a0<br>OFERTY PRACY<br><br>Niepubliczne Przedszkole Terapeutyczne \u201ePrzyjazny Domek 2\u201d,<br>w zwi\u0105zku z realizacj\u0105 projektu <strong><em>\u201ePrzyjazny Domek 2 \u2013 wzrost szans dla 12 dzieci<br>z niepe\u0142nosprawno\u015bciami\u201d<\/em><\/strong> nr WND-RPPD.03.01.01-20-0473\/20 poszukuje pracownik\u00f3w na nast\u0119puj\u0105ce stanowiska:<br><br>1. <strong><em>Nauczyciel terapeuta<\/em><\/strong>: 2 osoby (umowa o prac\u0119 \u2013 pe\u0142ny etat) prowadzenie zaj\u0119\u0107 terapeutycznych\/opieka.<br>(praca 8 godzin dziennie od poniedzia\u0142ku do pi\u0105tku)<br>Wymagania: wykszta\u0142cenie wy\u017csze z zakresu pedagogiki specjalnej lub inne wraz z kursem kwalifikacyjnym lub studiami podyplomowymi z Edukacji i terapii os\u00f3b z zaburzeniami ze spektrum autyzmu.<br>2. <strong><em>Nauczyciel wychowawca<\/em><\/strong>: 2 osoby (umowa o prac\u0119 \u2013 pe\u0142ny etat) prowadzenie zaj\u0119\u0107\/opieka, realizacja podstawy programowej.<br>(praca 8 godzin dziennie od poniedzia\u0142ku do pi\u0105tku)<br>Wymagania: wykszta\u0142cenie wy\u017csze z zakresu pedagogiki przedszkolnej i wczesnoszkolnej.<br>\u00a0<br><strong>Oferujemy:<\/strong><br>stabilne zatrudnienie,<br>prac\u0119 w nowoczesnej, doskonale wyposa\u017conej plac\u00f3wce,<br>pakiet szkole\u0144 wdra\u017caj\u0105cych i podnosz\u0105cych kompetencje, m.in.:<br>&#8211; Terapia behawioralna w teorii i praktyce;<br>&#8211; szkolenie w zakresie komunikacji alternatywnej dzieci ze spektrum autyzmu lub innymi zaburzeniami rozwoju;<br>&#8211; cykl kr\u00f3tkich kurs\u00f3w doskonal\u0105cych z zakresu pedagogiki specjalnej, m.in.: Zarz\u0105dzanie zachowaniem, Dziecko w grupie r\u00f3wie\u015bniczej, Jak skutecznie budowa\u0107 relacje z dzieckiem ze spektrum autyzmu;<br>&#8211; spotkania szkoleniowe dla nauczycieli z zakresu superwizji;<br>mo\u017cliwo\u015b\u0107 prowadzenia autorskich zaj\u0119\u0107 rozwojowych z dzie\u0107mi.<br>\u00a0<br>Praca zmianowa w godzinach funkcjonowania plac\u00f3wki <strong>7:30 &#8211; 16:00<\/strong><br><strong>\u00a0<\/strong><br><strong>Praca od 1 wrze\u015bnia 2022r.<\/strong><br>\u00a0<br><strong>Wymagane dokumenty<\/strong>:\u00a0<br>\u017byciorys (CV)<br>O\u015bwiadczenie o wyra\u017ceniu zgody na przetwarzanie podanych przez kandydata danych osobowych zawartych w aplikacji dla potrzeb niezb\u0119dnych do realizacji procesu rekrutacji zgodnie z Rozporz\u0105dzeniem Parlamentu Europejskiego i Rady (UE) 2016\/679 z dnia 27 kwietnia 2016 r. w sprawie ochrony os\u00f3b fizycznych w zwi\u0105zku z przetwarzaniem danych osobowych i w sprawie swobodnego przep\u0142ywu takich danych oraz uchylenia dyrektywy 95\/46\/WE (RODO) oraz o zapoznaniu si\u0119 z informacjami administratora o przetwarzaniu danych oraz z prawami jakie przys\u0142uguj\u0105 na mocy powy\u017cszego Rozporz\u0105dzenia.<br>Dokumenty potwierdzaj\u0105ce posiadane kwalifikacje i umiej\u0119tno\u015bci <strong>(dokumenty wymagane po zaproszeniu na rozmow\u0119 kwalifikacyjn\u0105).<\/strong><br><strong>Dodatkowe informacje:<\/strong> Wymagane dokumenty aplikacyjne nale\u017cy wysy\u0142a\u0107 na adres mailowy <a href=\"mailto:sekretariat@przyjaznydomek.com.pl\">sekretariat@przyjaznydomek.com.pl<\/a>, sk\u0142ada\u0107 <strong>osobi\u015bcie lub za po\u015brednictwem przesy\u0142ki pocztowej\/kurierskiej w terminie do\u00a030.08.2022 roku na adres:<\/strong> BOKAFI Sp. z o.o., ul. Przyjazna 39, 15-666 Bia\u0142ystok (obowi\u0105zuje data wp\u0142ywu do Organizatora Projektu). Z\u0142o\u017cone dokumenty nie podlegaj\u0105 zwrotowi. Kandydaci zakwalifikowani do dalszego etapu naboru zostan\u0105 powiadomieni telefonicznie o terminie rozmowy kwalifikacyjnej. Zastrzegamy mo\u017cliwo\u015b\u0107 kontaktu z wybranymi osobami.<br><br>Joanna Borowik<\/figcaption><\/figure>\n<\/div>","protected":false},"excerpt":{"rendered":"","protected":false},"author":2,"featured_media":76,"comment_status":"closed","ping_status":"closed","sticky":false,"template":"","format":"standard","meta":{"footnotes":""},"categories":[1],"tags":[],"class_list":["post-749","post","type-post","status-publish","format-standard","has-post-thumbnail","hentry","category-aktualnosci"],"_links":{"self":[{"href":"https:\/\/przyjaznydomek.com.pl\/przedszkole2\/wp-json\/wp\/v2\/posts\/749","targetHints":{"allow":["GET"]}}],"collection":[{"href":"https:\/\/przyjaznydomek.com.pl\/przedszkole2\/wp-json\/wp\/v2\/posts"}],"about":[{"href":"https:\/\/przyjaznydomek.com.pl\/przedszkole2\/wp-json\/wp\/v2\/types\/post"}],"author":[{"embeddable":true,"href":"https:\/\/przyjaznydomek.com.pl\/przedszkole2\/wp-json\/wp\/v2\/users\/2"}],"replies":[{"embeddable":true,"href":"https:\/\/przyjaznydomek.com.pl\/przedszkole2\/wp-json\/wp\/v2\/comments?post=749"}],"version-history":[{"count":1,"href":"https:\/\/przyjaznydomek.com.pl\/przedszkole2\/wp-json\/wp\/v2\/posts\/749\/revisions"}],"predecessor-version":[{"id":750,"href":"https:\/\/przyjaznydomek.com.pl\/przedszkole2\/wp-json\/wp\/v2\/posts\/749\/revisions\/750"}],"wp:featuredmedia":[{"embeddable":true,"href":"https:\/\/przyjaznydomek.com.pl\/przedszkole2\/wp-json\/wp\/v2\/media\/76"}],"wp:attachment":[{"href":"https:\/\/przyjaznydomek.com.pl\/przedszkole2\/wp-json\/wp\/v2\/media?parent=749"}],"wp:term":[{"taxonomy":"category","embeddable":true,"href":"https:\/\/przyjaznydomek.com.pl\/przedszkole2\/wp-json\/wp\/v2\/categories?post=749"},{"taxonomy":"post_tag","embeddable":true,"href":"https:\/\/przyjaznydomek.com.pl\/przedszkole2\/wp-json\/wp\/v2\/tags?post=749"}],"curies":[{"name":"wp","href":"https:\/\/api.w.org\/{rel}","templated":true}]}}