{"id":756,"date":"2022-08-17T13:39:58","date_gmt":"2022-08-17T11:39:58","guid":{"rendered":"https:\/\/przyjaznydomek.com.pl\/przedszkole2\/?p=756"},"modified":"2023-03-16T13:48:13","modified_gmt":"2023-03-16T12:48:13","slug":"rozeznanie-rynku","status":"publish","type":"post","link":"https:\/\/przyjaznydomek.com.pl\/przedszkole2\/2022\/08\/17\/rozeznanie-rynku\/","title":{"rendered":"Rozeznanie rynku"},"content":{"rendered":"\n<p class=\"has-text-align-center\">W zwi\u0105zku z realizacj\u0105 projektu <strong><em>\u201ePrzyjazny Domek 2 \u2013 wzrost szans dla 12 dzieci z niepe\u0142nosprawno\u015bciami\u201d<\/em><\/strong> nr WND-RPPD.03.01.01-20-0473\/20 Regionalnego Programu Operacyjnego Wojew\u00f3dztwa Podlaskiego na lata 2014-2020, O\u015b priorytetowa III Kompetencje i kwalifikacje, Dzia\u0142anie 3.1 Kszta\u0142cenie i edukacja, Poddzia\u0142anie 3.1.1 Zapewnienie r\u00f3wnego dost\u0119pu do wysokiej jako\u015bci edukacji przedszkolnej, wsp\u00f3\u0142finansowanego przez Uni\u0119 Europejsk\u0105 w ramach Europejskiego Funduszu Spo\u0142ecznego, BOKAFI Sp. z o. o. z\u00a0siedzib\u0105 w Bia\u0142ymstoku jako beneficjent og\u0142asza wszcz\u0119cie post\u0119powania o udzielenie zam\u00f3wienia zgodnie z\u00a0procedur\u0105 rozeznania rynku w celu wy\u0142onienia Wykonawcy do \u015bwiadczenia <strong>us\u0142ugi cateringowej dla maksymalnie 12 dzieci ucz\u0119szczaj\u0105cych do Niepublicznego Przedszkola Terapeutycznego \u201ePrzyjazny Domek 2\u201d w Bia\u0142ymstoku.<\/strong><\/p>\n\n\n\n<div class=\"wp-block-file\"><a id=\"wp-block-file--media-3f0f5f5a-f329-462a-9d8b-19a4010adfc8\" href=\"https:\/\/przyjaznydomek.com.pl\/przedszkole2\/wp-content\/uploads\/sites\/3\/2023\/03\/rozeznanie-rynku-2.pdf\">Rozeznanie-rynku<\/a><a href=\"https:\/\/przyjaznydomek.com.pl\/przedszkole2\/wp-content\/uploads\/sites\/3\/2023\/03\/rozeznanie-rynku-2.pdf\" class=\"wp-block-file__button wp-element-button\" download aria-describedby=\"wp-block-file--media-3f0f5f5a-f329-462a-9d8b-19a4010adfc8\">Pobierz<\/a><\/div>\n\n\n\n<div class=\"wp-block-file\"><a id=\"wp-block-file--media-4c39b248-2cbd-482d-88bd-98a4db69770d\" href=\"https:\/\/przyjaznydomek.com.pl\/przedszkole2\/wp-content\/uploads\/sites\/3\/2023\/03\/zalacznik-nr-1-1.pdf\">zalacznik-nr-1<\/a><a href=\"https:\/\/przyjaznydomek.com.pl\/przedszkole2\/wp-content\/uploads\/sites\/3\/2023\/03\/zalacznik-nr-1-1.pdf\" class=\"wp-block-file__button wp-element-button\" download aria-describedby=\"wp-block-file--media-4c39b248-2cbd-482d-88bd-98a4db69770d\">Pobierz<\/a><\/div>\n\n\n\n<div class=\"wp-block-file\"><a id=\"wp-block-file--media-0aea2761-34fa-4c5f-9053-becd19d46edd\" href=\"https:\/\/przyjaznydomek.com.pl\/przedszkole2\/wp-content\/uploads\/sites\/3\/2023\/03\/zalacznik-nr-2.pdf\">zalacznik-nr-2<\/a><a href=\"https:\/\/przyjaznydomek.com.pl\/przedszkole2\/wp-content\/uploads\/sites\/3\/2023\/03\/zalacznik-nr-2.pdf\" class=\"wp-block-file__button wp-element-button\" download aria-describedby=\"wp-block-file--media-0aea2761-34fa-4c5f-9053-becd19d46edd\">Pobierz<\/a><\/div>\n\n\n\n<div class=\"wp-block-file\"><a id=\"wp-block-file--media-8a35e3d1-6db0-4e7f-8fc8-d0e10b7cef19\" href=\"https:\/\/przyjaznydomek.com.pl\/przedszkole2\/wp-content\/uploads\/sites\/3\/2023\/03\/zalacznik-nr-3.pdf\">zalacznik-nr-3<\/a><a href=\"https:\/\/przyjaznydomek.com.pl\/przedszkole2\/wp-content\/uploads\/sites\/3\/2023\/03\/zalacznik-nr-3.pdf\" class=\"wp-block-file__button wp-element-button\" download aria-describedby=\"wp-block-file--media-8a35e3d1-6db0-4e7f-8fc8-d0e10b7cef19\">Pobierz<\/a><\/div>\n\n\n\n<p><\/p>\n","protected":false},"excerpt":{"rendered":"<p>W zwi\u0105zku z realizacj\u0105 projektu \u201ePrzyjazny Domek 2 \u2013 wzrost szans dla 12 dzieci z niepe\u0142nosprawno\u015bciami\u201d nr WND-RPPD.03.01.01-20-0473\/20 Regionalnego Programu Operacyjnego Wojew\u00f3dztwa Podlaskiego na lata 2014-2020, O\u015b priorytetowa III Kompetencje i kwalifikacje, Dzia\u0142anie 3.1 Kszta\u0142cenie i edukacja, Poddzia\u0142anie 3.1.1 Zapewnienie r\u00f3wnego dost\u0119pu do wysokiej jako\u015bci edukacji przedszkolnej, wsp\u00f3\u0142finansowanego przez Uni\u0119 Europejsk\u0105 w ramach Europejskiego Funduszu [&hellip;]<\/p>\n","protected":false},"author":2,"featured_media":39,"comment_status":"closed","ping_status":"closed","sticky":false,"template":"","format":"standard","meta":{"footnotes":""},"categories":[1],"tags":[],"class_list":["post-756","post","type-post","status-publish","format-standard","has-post-thumbnail","hentry","category-aktualnosci"],"_links":{"self":[{"href":"https:\/\/przyjaznydomek.com.pl\/przedszkole2\/wp-json\/wp\/v2\/posts\/756","targetHints":{"allow":["GET"]}}],"collection":[{"href":"https:\/\/przyjaznydomek.com.pl\/przedszkole2\/wp-json\/wp\/v2\/posts"}],"about":[{"href":"https:\/\/przyjaznydomek.com.pl\/przedszkole2\/wp-json\/wp\/v2\/types\/post"}],"author":[{"embeddable":true,"href":"https:\/\/przyjaznydomek.com.pl\/przedszkole2\/wp-json\/wp\/v2\/users\/2"}],"replies":[{"embeddable":true,"href":"https:\/\/przyjaznydomek.com.pl\/przedszkole2\/wp-json\/wp\/v2\/comments?post=756"}],"version-history":[{"count":2,"href":"https:\/\/przyjaznydomek.com.pl\/przedszkole2\/wp-json\/wp\/v2\/posts\/756\/revisions"}],"predecessor-version":[{"id":764,"href":"https:\/\/przyjaznydomek.com.pl\/przedszkole2\/wp-json\/wp\/v2\/posts\/756\/revisions\/764"}],"wp:featuredmedia":[{"embeddable":true,"href":"https:\/\/przyjaznydomek.com.pl\/przedszkole2\/wp-json\/wp\/v2\/media\/39"}],"wp:attachment":[{"href":"https:\/\/przyjaznydomek.com.pl\/przedszkole2\/wp-json\/wp\/v2\/media?parent=756"}],"wp:term":[{"taxonomy":"category","embeddable":true,"href":"https:\/\/przyjaznydomek.com.pl\/przedszkole2\/wp-json\/wp\/v2\/categories?post=756"},{"taxonomy":"post_tag","embeddable":true,"href":"https:\/\/przyjaznydomek.com.pl\/przedszkole2\/wp-json\/wp\/v2\/tags?post=756"}],"curies":[{"name":"wp","href":"https:\/\/api.w.org\/{rel}","templated":true}]}}