{"id":1112,"date":"2022-10-05T17:33:43","date_gmt":"2022-10-05T15:33:43","guid":{"rendered":"https:\/\/przyjaznydomek.com.pl\/zlobek\/?p=1112"},"modified":"2022-10-06T17:23:24","modified_gmt":"2022-10-06T15:23:24","slug":"projekt-zlobek-przyjazny-domek","status":"publish","type":"post","link":"https:\/\/przyjaznydomek.com.pl\/zlobek\/2022\/10\/projekt-zlobek-przyjazny-domek\/","title":{"rendered":"Projekt \u017b\u0142obek Przyjazny Domek"},"content":{"rendered":"<div class=\"wp-block-image\">\n<figure class=\"aligncenter size-full\"><img loading=\"lazy\" decoding=\"async\" width=\"1024\" height=\"88\" src=\"https:\/\/przyjaznydomek.com.pl\/zlobek\/wp-content\/uploads\/sites\/2\/2022\/10\/pasek-3-projekt-1.jpg\" alt=\"\" class=\"wp-image-1122\" srcset=\"https:\/\/przyjaznydomek.com.pl\/zlobek\/wp-content\/uploads\/sites\/2\/2022\/10\/pasek-3-projekt-1.jpg 1024w, https:\/\/przyjaznydomek.com.pl\/zlobek\/wp-content\/uploads\/sites\/2\/2022\/10\/pasek-3-projekt-1-300x26.jpg 300w, https:\/\/przyjaznydomek.com.pl\/zlobek\/wp-content\/uploads\/sites\/2\/2022\/10\/pasek-3-projekt-1-768x66.jpg 768w\" sizes=\"auto, (max-width: 1024px) 100vw, 1024px\" \/><\/figure>\n<\/div>\n\n\n<p class=\"has-text-align-center\">Projekt <strong>\u201e\u017b\u0142obek Przyjazny Domek \u2013 utworzenie \u017c\u0142obka z 24 miejscami opieki nad dzie\u0107mi do lat 3 w Bia\u0142ymstoku\u201d<\/strong>&nbsp;nr WND \u2013 RPPD.02.02.00-20-0199\/20 w ramach Osi priorytetowej II Przedsi\u0119biorczo\u015b\u0107 i aktywno\u015b\u0107 zawodowa, Dzia\u0142ania 2.2 Dzia\u0142ania na rzecz r\u00f3wnowagi praca \u2013 \u017cycie, Regionalnego Programu Operacyjnego Wojew\u00f3dztwa Podlaskiego na lata 2014-2020.<\/p>\n\n\n\n<p class=\"has-text-align-center\"><strong>CELEM PROJEKTU<\/strong>&nbsp;jest wzrost zatrudnienia 24 os\u00f3b pe\u0142ni\u0105ce funkcje opieku\u0144cze nad dzie\u0107mi do lat 3 poprzez wsparcie mo\u017cliwo\u015bci powrotu na rynek pracy lub utrzymania zatrudnienia, dzi\u0119ki zwi\u0119kszeniu dost\u0119pno\u015bci rozwi\u0105za\u0144 s\u0142u\u017c\u0105cych godzeniu \u017cycia zawodowego i rodzinnego poprzez utworzenie \u017c\u0142obka na terenie gminy miasta Bia\u0142ystok i obj\u0119ciu opiek\u0105 24 dzieci w wieku do lat 3.<\/p>\n\n\n\n<p class=\"has-text-align-center\">Projekt jest realizowany od kwietnia 2021r. do marca 2023r.<\/p>\n\n\n\n<p class=\"has-text-align-center\">Ca\u0142kowita warto\u015b\u0107 projektu: 972&nbsp;770,90 z\u0142<\/p>\n\n\n\n<p class=\"has-text-align-center\">Wysoko\u015b\u0107 dofinansowania: 826&nbsp;850, 90 z\u0142<\/p>\n\n\n\n<p class=\"has-text-align-center\">\u200b<strong>GRUPA DOCELOWA<\/strong>: Projekt skierowany jest do os\u00f3b bezrobotnych lub os\u00f3b biernych zawodowo pozostaj\u0105cych poza rynkiem pracy ze wzgl\u0119du na obowi\u0105zek opieki nad dzie\u0107mi w wieku do lat 3, w tym osoby, kt\u00f3re przerwa\u0142y karier\u0119 zawodow\u0105 ze wzgl\u0119du na urodzenie dziecka lub przebywaj\u0105ce na urlopach wychowawczych w rozumieniu ustawy z dnia 26 czerwca 1974 r. \u2013 Kodeks Pracy oraz osoby pracuj\u0105ce, sprawuj\u0105ce opiek\u0119 nad dzie\u0107mi do lat 3, zamieszkuj\u0105ce lub pracuj\u0105ce lub ucz\u0105ce si\u0119 w wojew\u00f3dztwie podlaskim na terenie miasta Bia\u0142ystok.<\/p>\n\n\n\n<p class=\"has-text-align-center\">Termin rekrutacji: obecnie rekrutacja ma charakter ci\u0105g\u0142y, a nowe dzieci s\u0105 przyjmowane pod warunkiem posiadania wolnych miejsc.<\/p>\n\n\n\n<p class=\"has-text-align-center\">Planowany okres bie\u017c\u0105cej dzia\u0142alno\u015bci: 1.08.2021r. \u2013 31.03.2023r.<\/p>\n\n\n\n<p class=\"has-text-align-center\">Szczeg\u00f3\u0142owe informacje oraz dokumentacja zwi\u0105zana z rekrutacj\u0105 do pobrania na stronie www.przyjaznydomek.com.pl, w siedzibie \u017b\u0142obka, ul. Ba\u015bniowa 1A lok. 1 w Bia\u0142ymstoku oraz w Biurze Projektu, ul. Przyjazna 39 w Bia\u0142ymstoku.<\/p>\n","protected":false},"excerpt":{"rendered":"<p>Projekt \u201e\u017b\u0142obek Przyjazny Domek \u2013 utworzenie \u017c\u0142obka z 24 miejscami opieki nad dzie\u0107mi do lat 3 w Bia\u0142ymstoku\u201d&nbsp;nr WND \u2013 RPPD.02.02.00-20-0199\/20 w ramach Osi priorytetowej II Przedsi\u0119biorczo\u015b\u0107 i aktywno\u015b\u0107 zawodowa, Dzia\u0142ania 2.2 Dzia\u0142ania na rzecz r\u00f3wnowagi praca \u2013 \u017cycie, Regionalnego Programu Operacyjnego Wojew\u00f3dztwa Podlaskiego na lata 2014-2020. CELEM PROJEKTU&nbsp;jest wzrost zatrudnienia 24 os\u00f3b pe\u0142ni\u0105ce funkcje [&hellip;]<\/p>\n","protected":false},"author":2,"featured_media":1085,"comment_status":"closed","ping_status":"closed","sticky":false,"template":"","format":"standard","meta":{"footnotes":""},"categories":[7],"tags":[],"class_list":["post-1112","post","type-post","status-publish","format-standard","has-post-thumbnail","hentry","category-projekty"],"_links":{"self":[{"href":"https:\/\/przyjaznydomek.com.pl\/zlobek\/wp-json\/wp\/v2\/posts\/1112","targetHints":{"allow":["GET"]}}],"collection":[{"href":"https:\/\/przyjaznydomek.com.pl\/zlobek\/wp-json\/wp\/v2\/posts"}],"about":[{"href":"https:\/\/przyjaznydomek.com.pl\/zlobek\/wp-json\/wp\/v2\/types\/post"}],"author":[{"embeddable":true,"href":"https:\/\/przyjaznydomek.com.pl\/zlobek\/wp-json\/wp\/v2\/users\/2"}],"replies":[{"embeddable":true,"href":"https:\/\/przyjaznydomek.com.pl\/zlobek\/wp-json\/wp\/v2\/comments?post=1112"}],"version-history":[{"count":5,"href":"https:\/\/przyjaznydomek.com.pl\/zlobek\/wp-json\/wp\/v2\/posts\/1112\/revisions"}],"predecessor-version":[{"id":1132,"href":"https:\/\/przyjaznydomek.com.pl\/zlobek\/wp-json\/wp\/v2\/posts\/1112\/revisions\/1132"}],"wp:featuredmedia":[{"embeddable":true,"href":"https:\/\/przyjaznydomek.com.pl\/zlobek\/wp-json\/wp\/v2\/media\/1085"}],"wp:attachment":[{"href":"https:\/\/przyjaznydomek.com.pl\/zlobek\/wp-json\/wp\/v2\/media?parent=1112"}],"wp:term":[{"taxonomy":"category","embeddable":true,"href":"https:\/\/przyjaznydomek.com.pl\/zlobek\/wp-json\/wp\/v2\/categories?post=1112"},{"taxonomy":"post_tag","embeddable":true,"href":"https:\/\/przyjaznydomek.com.pl\/zlobek\/wp-json\/wp\/v2\/tags?post=1112"}],"curies":[{"name":"wp","href":"https:\/\/api.w.org\/{rel}","templated":true}]}}